{"id":1372,"date":"2025-07-25T15:49:34","date_gmt":"2025-07-25T18:49:34","guid":{"rendered":"https:\/\/siticcan.com.br\/ba\/?p=1372"},"modified":"2025-07-28T09:55:48","modified_gmt":"2025-07-28T12:55:48","slug":"siticcan-convoca-trabalhadores-da-tekton-construtora","status":"publish","type":"post","link":"https:\/\/siticcan.com.br\/ba\/index.php\/2025\/07\/25\/siticcan-convoca-trabalhadores-da-tekton-construtora\/","title":{"rendered":"SITICCAN convoca trabalhadores da Tekton Construtora"},"content":{"rendered":"<p style=\"text-align: justify;\"><strong><img loading=\"lazy\" decoding=\"async\" class=\"alignnone size-medium wp-image-401\" src=\"https:\/\/siticcan.com.br\/ba\/wp-content\/uploads\/2023\/08\/Logo-Siticcan-300x99.jpg\" alt=\"\" width=\"300\" height=\"99\" srcset=\"https:\/\/siticcan.com.br\/ba\/wp-content\/uploads\/2023\/08\/Logo-Siticcan-300x99.jpg 300w, https:\/\/siticcan.com.br\/ba\/wp-content\/uploads\/2023\/08\/Logo-Siticcan-1024x339.jpg 1024w, https:\/\/siticcan.com.br\/ba\/wp-content\/uploads\/2023\/08\/Logo-Siticcan-768x254.jpg 768w, https:\/\/siticcan.com.br\/ba\/wp-content\/uploads\/2023\/08\/Logo-Siticcan-1536x509.jpg 1536w, https:\/\/siticcan.com.br\/ba\/wp-content\/uploads\/2023\/08\/Logo-Siticcan-696x231.jpg 696w, https:\/\/siticcan.com.br\/ba\/wp-content\/uploads\/2023\/08\/Logo-Siticcan-1068x354.jpg 1068w, https:\/\/siticcan.com.br\/ba\/wp-content\/uploads\/2023\/08\/Logo-Siticcan.jpg 1600w\" sizes=\"auto, (max-width: 300px) 100vw, 300px\" \/>O SITICCAN<\/strong>, atrav\u00e9s do seu Departamento Jur\u00eddico, est\u00e1 convocando os trabalhadores e trabalhadoras da <strong>TEKTON CONSTRUTORA LTDA,<\/strong> para comparecerem na sede do sindicato, localizada na Rua Alagoas, n\u00b08, bairro Pitanga, em Candeias, para fornecerem dados banc\u00e1rios e assinarem a documenta\u00e7\u00e3o relativa ao pagamento de valor total do processo n\u00ba 0000686-82.2021.5.05.0101 Acum. Na oportunidade, os trabalhadores devem apresentar documento de conta banc\u00e1ria de prefer\u00eancia da Caixa Econ\u00f4mica Federal ou Pix, bem como telefone para contato, para que dessa forma, seja possibilitado cadastrar no processo de pagamento. Ap\u00f3s isto o trabalhador receber\u00e1 os valores devidos na conta informada.<\/p>\n","protected":false},"excerpt":{"rendered":"<p>O SITICCAN, atrav\u00e9s do seu Departamento Jur\u00eddico, est\u00e1 convocando os trabalhadores e trabalhadoras da TEKTON CONSTRUTORA LTDA, para comparecerem na sede do sindicato, localizada na Rua Alagoas, n\u00b08, bairro Pitanga, em Candeias, para fornecerem dados banc\u00e1rios e assinarem a documenta\u00e7\u00e3o relativa ao pagamento de valor total do processo n\u00ba 0000686-82.2021.5.05.0101 Acum. Na oportunidade, os trabalhadores [&hellip;]<\/p>\n","protected":false},"author":2,"featured_media":401,"comment_status":"closed","ping_status":"closed","sticky":false,"template":"","format":"standard","meta":{"footnotes":""},"categories":[17],"tags":[],"class_list":["post-1372","post","type-post","status-publish","format-standard","has-post-thumbnail","category-noticias"],"yoast_head":"<!-- This site is optimized with the Yoast SEO plugin v27.6 - https:\/\/yoast.com\/product\/yoast-seo-wordpress\/ -->\n<title>SITICCAN convoca trabalhadores da Tekton Construtora - SITICCAN<\/title>\n<meta name=\"robots\" content=\"index, follow, max-snippet:-1, max-image-preview:large, max-video-preview:-1\" \/>\n<link rel=\"canonical\" href=\"https:\/\/siticcan.com.br\/ba\/index.php\/2025\/07\/25\/siticcan-convoca-trabalhadores-da-tekton-construtora\/\" \/>\n<meta property=\"og:locale\" content=\"pt_BR\" \/>\n<meta property=\"og:type\" content=\"article\" \/>\n<meta property=\"og:title\" content=\"SITICCAN convoca trabalhadores da Tekton Construtora - SITICCAN\" \/>\n<meta property=\"og:description\" content=\"O SITICCAN, atrav\u00e9s do seu Departamento Jur\u00eddico, est\u00e1 convocando os trabalhadores e trabalhadoras da TEKTON CONSTRUTORA LTDA, para comparecerem na sede do sindicato, localizada na Rua Alagoas, n\u00b08, bairro Pitanga, em Candeias, para fornecerem dados banc\u00e1rios e assinarem a documenta\u00e7\u00e3o relativa ao pagamento de valor total do processo n\u00ba 0000686-82.2021.5.05.0101 Acum. Na oportunidade, os trabalhadores [&hellip;]\" \/>\n<meta property=\"og:url\" content=\"https:\/\/siticcan.com.br\/ba\/index.php\/2025\/07\/25\/siticcan-convoca-trabalhadores-da-tekton-construtora\/\" \/>\n<meta property=\"og:site_name\" content=\"SITICCAN\" \/>\n<meta property=\"article:published_time\" content=\"2025-07-25T18:49:34+00:00\" \/>\n<meta property=\"article:modified_time\" content=\"2025-07-28T12:55:48+00:00\" \/>\n<meta property=\"og:image\" content=\"https:\/\/siticcan.com.br\/ba\/wp-content\/uploads\/2023\/08\/Logo-Siticcan.jpg\" \/>\n\t<meta property=\"og:image:width\" content=\"1600\" \/>\n\t<meta property=\"og:image:height\" content=\"530\" \/>\n\t<meta property=\"og:image:type\" content=\"image\/jpeg\" \/>\n<meta name=\"author\" content=\"Antonio C Garcez\" \/>\n<meta name=\"twitter:card\" content=\"summary_large_image\" \/>\n<meta name=\"twitter:label1\" content=\"Escrito por\" \/>\n\t<meta name=\"twitter:data1\" content=\"Antonio C Garcez\" \/>\n\t<meta name=\"twitter:label2\" content=\"Est. tempo de leitura\" \/>\n\t<meta name=\"twitter:data2\" content=\"1 minuto\" \/>\n<script type=\"application\/ld+json\" class=\"yoast-schema-graph\">{\"@context\":\"https:\\\/\\\/schema.org\",\"@graph\":[{\"@type\":\"Article\",\"@id\":\"https:\\\/\\\/siticcan.com.br\\\/ba\\\/index.php\\\/2025\\\/07\\\/25\\\/siticcan-convoca-trabalhadores-da-tekton-construtora\\\/#article\",\"isPartOf\":{\"@id\":\"https:\\\/\\\/siticcan.com.br\\\/ba\\\/index.php\\\/2025\\\/07\\\/25\\\/siticcan-convoca-trabalhadores-da-tekton-construtora\\\/\"},\"author\":{\"name\":\"Antonio C Garcez\",\"@id\":\"https:\\\/\\\/siticcan.com.br\\\/ba\\\/#\\\/schema\\\/person\\\/54850edda0325b1fb9103f1261d2c2d8\"},\"headline\":\"SITICCAN convoca trabalhadores da Tekton Construtora\",\"datePublished\":\"2025-07-25T18:49:34+00:00\",\"dateModified\":\"2025-07-28T12:55:48+00:00\",\"mainEntityOfPage\":{\"@id\":\"https:\\\/\\\/siticcan.com.br\\\/ba\\\/index.php\\\/2025\\\/07\\\/25\\\/siticcan-convoca-trabalhadores-da-tekton-construtora\\\/\"},\"wordCount\":110,\"image\":{\"@id\":\"https:\\\/\\\/siticcan.com.br\\\/ba\\\/index.php\\\/2025\\\/07\\\/25\\\/siticcan-convoca-trabalhadores-da-tekton-construtora\\\/#primaryimage\"},\"thumbnailUrl\":\"https:\\\/\\\/siticcan.com.br\\\/ba\\\/wp-content\\\/uploads\\\/2023\\\/08\\\/Logo-Siticcan.jpg\",\"articleSection\":[\"Not\u00edcias\"],\"inLanguage\":\"pt-BR\"},{\"@type\":\"WebPage\",\"@id\":\"https:\\\/\\\/siticcan.com.br\\\/ba\\\/index.php\\\/2025\\\/07\\\/25\\\/siticcan-convoca-trabalhadores-da-tekton-construtora\\\/\",\"url\":\"https:\\\/\\\/siticcan.com.br\\\/ba\\\/index.php\\\/2025\\\/07\\\/25\\\/siticcan-convoca-trabalhadores-da-tekton-construtora\\\/\",\"name\":\"SITICCAN convoca trabalhadores da Tekton Construtora - SITICCAN\",\"isPartOf\":{\"@id\":\"https:\\\/\\\/siticcan.com.br\\\/ba\\\/#website\"},\"primaryImageOfPage\":{\"@id\":\"https:\\\/\\\/siticcan.com.br\\\/ba\\\/index.php\\\/2025\\\/07\\\/25\\\/siticcan-convoca-trabalhadores-da-tekton-construtora\\\/#primaryimage\"},\"image\":{\"@id\":\"https:\\\/\\\/siticcan.com.br\\\/ba\\\/index.php\\\/2025\\\/07\\\/25\\\/siticcan-convoca-trabalhadores-da-tekton-construtora\\\/#primaryimage\"},\"thumbnailUrl\":\"https:\\\/\\\/siticcan.com.br\\\/ba\\\/wp-content\\\/uploads\\\/2023\\\/08\\\/Logo-Siticcan.jpg\",\"datePublished\":\"2025-07-25T18:49:34+00:00\",\"dateModified\":\"2025-07-28T12:55:48+00:00\",\"author\":{\"@id\":\"https:\\\/\\\/siticcan.com.br\\\/ba\\\/#\\\/schema\\\/person\\\/54850edda0325b1fb9103f1261d2c2d8\"},\"breadcrumb\":{\"@id\":\"https:\\\/\\\/siticcan.com.br\\\/ba\\\/index.php\\\/2025\\\/07\\\/25\\\/siticcan-convoca-trabalhadores-da-tekton-construtora\\\/#breadcrumb\"},\"inLanguage\":\"pt-BR\",\"potentialAction\":[{\"@type\":\"ReadAction\",\"target\":[\"https:\\\/\\\/siticcan.com.br\\\/ba\\\/index.php\\\/2025\\\/07\\\/25\\\/siticcan-convoca-trabalhadores-da-tekton-construtora\\\/\"]}]},{\"@type\":\"ImageObject\",\"inLanguage\":\"pt-BR\",\"@id\":\"https:\\\/\\\/siticcan.com.br\\\/ba\\\/index.php\\\/2025\\\/07\\\/25\\\/siticcan-convoca-trabalhadores-da-tekton-construtora\\\/#primaryimage\",\"url\":\"https:\\\/\\\/siticcan.com.br\\\/ba\\\/wp-content\\\/uploads\\\/2023\\\/08\\\/Logo-Siticcan.jpg\",\"contentUrl\":\"https:\\\/\\\/siticcan.com.br\\\/ba\\\/wp-content\\\/uploads\\\/2023\\\/08\\\/Logo-Siticcan.jpg\",\"width\":1600,\"height\":530},{\"@type\":\"BreadcrumbList\",\"@id\":\"https:\\\/\\\/siticcan.com.br\\\/ba\\\/index.php\\\/2025\\\/07\\\/25\\\/siticcan-convoca-trabalhadores-da-tekton-construtora\\\/#breadcrumb\",\"itemListElement\":[{\"@type\":\"ListItem\",\"position\":1,\"name\":\"In\u00edcio\",\"item\":\"https:\\\/\\\/siticcan.com.br\\\/ba\\\/\"},{\"@type\":\"ListItem\",\"position\":2,\"name\":\"SITICCAN convoca trabalhadores da Tekton Construtora\"}]},{\"@type\":\"WebSite\",\"@id\":\"https:\\\/\\\/siticcan.com.br\\\/ba\\\/#website\",\"url\":\"https:\\\/\\\/siticcan.com.br\\\/ba\\\/\",\"name\":\"SITICCAN | SINDICATO DE LUTA | FILIADO A CUT\",\"description\":\"O Sindicato dos Trabalhadores na Ind\u00fastria da Constru\u00e7\u00e3o Civil de Candeias.\",\"potentialAction\":[{\"@type\":\"SearchAction\",\"target\":{\"@type\":\"EntryPoint\",\"urlTemplate\":\"https:\\\/\\\/siticcan.com.br\\\/ba\\\/?s={search_term_string}\"},\"query-input\":{\"@type\":\"PropertyValueSpecification\",\"valueRequired\":true,\"valueName\":\"search_term_string\"}}],\"inLanguage\":\"pt-BR\"},{\"@type\":\"Person\",\"@id\":\"https:\\\/\\\/siticcan.com.br\\\/ba\\\/#\\\/schema\\\/person\\\/54850edda0325b1fb9103f1261d2c2d8\",\"name\":\"Antonio C Garcez\",\"image\":{\"@type\":\"ImageObject\",\"inLanguage\":\"pt-BR\",\"@id\":\"https:\\\/\\\/secure.gravatar.com\\\/avatar\\\/d07d79e920fdcbee9f93c580ddba7167d847827d3e13be224aed25d9f6095bc0?s=96&d=mm&r=g\",\"url\":\"https:\\\/\\\/secure.gravatar.com\\\/avatar\\\/d07d79e920fdcbee9f93c580ddba7167d847827d3e13be224aed25d9f6095bc0?s=96&d=mm&r=g\",\"contentUrl\":\"https:\\\/\\\/secure.gravatar.com\\\/avatar\\\/d07d79e920fdcbee9f93c580ddba7167d847827d3e13be224aed25d9f6095bc0?s=96&d=mm&r=g\",\"caption\":\"Antonio C Garcez\"},\"url\":\"https:\\\/\\\/siticcan.com.br\\\/ba\\\/index.php\\\/author\\\/redacao\\\/\"}]}<\/script>\n<!-- \/ Yoast SEO plugin. -->","yoast_head_json":{"title":"SITICCAN convoca trabalhadores da Tekton Construtora - SITICCAN","robots":{"index":"index","follow":"follow","max-snippet":"max-snippet:-1","max-image-preview":"max-image-preview:large","max-video-preview":"max-video-preview:-1"},"canonical":"https:\/\/siticcan.com.br\/ba\/index.php\/2025\/07\/25\/siticcan-convoca-trabalhadores-da-tekton-construtora\/","og_locale":"pt_BR","og_type":"article","og_title":"SITICCAN convoca trabalhadores da Tekton Construtora - SITICCAN","og_description":"O SITICCAN, atrav\u00e9s do seu Departamento Jur\u00eddico, est\u00e1 convocando os trabalhadores e trabalhadoras da TEKTON CONSTRUTORA LTDA, para comparecerem na sede do sindicato, localizada na Rua Alagoas, n\u00b08, bairro Pitanga, em Candeias, para fornecerem dados banc\u00e1rios e assinarem a documenta\u00e7\u00e3o relativa ao pagamento de valor total do processo n\u00ba 0000686-82.2021.5.05.0101 Acum. Na oportunidade, os trabalhadores [&hellip;]","og_url":"https:\/\/siticcan.com.br\/ba\/index.php\/2025\/07\/25\/siticcan-convoca-trabalhadores-da-tekton-construtora\/","og_site_name":"SITICCAN","article_published_time":"2025-07-25T18:49:34+00:00","article_modified_time":"2025-07-28T12:55:48+00:00","og_image":[{"width":1600,"height":530,"url":"https:\/\/siticcan.com.br\/ba\/wp-content\/uploads\/2023\/08\/Logo-Siticcan.jpg","type":"image\/jpeg"}],"author":"Antonio C Garcez","twitter_card":"summary_large_image","twitter_misc":{"Escrito por":"Antonio C Garcez","Est. tempo de leitura":"1 minuto"},"schema":{"@context":"https:\/\/schema.org","@graph":[{"@type":"Article","@id":"https:\/\/siticcan.com.br\/ba\/index.php\/2025\/07\/25\/siticcan-convoca-trabalhadores-da-tekton-construtora\/#article","isPartOf":{"@id":"https:\/\/siticcan.com.br\/ba\/index.php\/2025\/07\/25\/siticcan-convoca-trabalhadores-da-tekton-construtora\/"},"author":{"name":"Antonio C Garcez","@id":"https:\/\/siticcan.com.br\/ba\/#\/schema\/person\/54850edda0325b1fb9103f1261d2c2d8"},"headline":"SITICCAN convoca trabalhadores da Tekton Construtora","datePublished":"2025-07-25T18:49:34+00:00","dateModified":"2025-07-28T12:55:48+00:00","mainEntityOfPage":{"@id":"https:\/\/siticcan.com.br\/ba\/index.php\/2025\/07\/25\/siticcan-convoca-trabalhadores-da-tekton-construtora\/"},"wordCount":110,"image":{"@id":"https:\/\/siticcan.com.br\/ba\/index.php\/2025\/07\/25\/siticcan-convoca-trabalhadores-da-tekton-construtora\/#primaryimage"},"thumbnailUrl":"https:\/\/siticcan.com.br\/ba\/wp-content\/uploads\/2023\/08\/Logo-Siticcan.jpg","articleSection":["Not\u00edcias"],"inLanguage":"pt-BR"},{"@type":"WebPage","@id":"https:\/\/siticcan.com.br\/ba\/index.php\/2025\/07\/25\/siticcan-convoca-trabalhadores-da-tekton-construtora\/","url":"https:\/\/siticcan.com.br\/ba\/index.php\/2025\/07\/25\/siticcan-convoca-trabalhadores-da-tekton-construtora\/","name":"SITICCAN convoca trabalhadores da Tekton Construtora - SITICCAN","isPartOf":{"@id":"https:\/\/siticcan.com.br\/ba\/#website"},"primaryImageOfPage":{"@id":"https:\/\/siticcan.com.br\/ba\/index.php\/2025\/07\/25\/siticcan-convoca-trabalhadores-da-tekton-construtora\/#primaryimage"},"image":{"@id":"https:\/\/siticcan.com.br\/ba\/index.php\/2025\/07\/25\/siticcan-convoca-trabalhadores-da-tekton-construtora\/#primaryimage"},"thumbnailUrl":"https:\/\/siticcan.com.br\/ba\/wp-content\/uploads\/2023\/08\/Logo-Siticcan.jpg","datePublished":"2025-07-25T18:49:34+00:00","dateModified":"2025-07-28T12:55:48+00:00","author":{"@id":"https:\/\/siticcan.com.br\/ba\/#\/schema\/person\/54850edda0325b1fb9103f1261d2c2d8"},"breadcrumb":{"@id":"https:\/\/siticcan.com.br\/ba\/index.php\/2025\/07\/25\/siticcan-convoca-trabalhadores-da-tekton-construtora\/#breadcrumb"},"inLanguage":"pt-BR","potentialAction":[{"@type":"ReadAction","target":["https:\/\/siticcan.com.br\/ba\/index.php\/2025\/07\/25\/siticcan-convoca-trabalhadores-da-tekton-construtora\/"]}]},{"@type":"ImageObject","inLanguage":"pt-BR","@id":"https:\/\/siticcan.com.br\/ba\/index.php\/2025\/07\/25\/siticcan-convoca-trabalhadores-da-tekton-construtora\/#primaryimage","url":"https:\/\/siticcan.com.br\/ba\/wp-content\/uploads\/2023\/08\/Logo-Siticcan.jpg","contentUrl":"https:\/\/siticcan.com.br\/ba\/wp-content\/uploads\/2023\/08\/Logo-Siticcan.jpg","width":1600,"height":530},{"@type":"BreadcrumbList","@id":"https:\/\/siticcan.com.br\/ba\/index.php\/2025\/07\/25\/siticcan-convoca-trabalhadores-da-tekton-construtora\/#breadcrumb","itemListElement":[{"@type":"ListItem","position":1,"name":"In\u00edcio","item":"https:\/\/siticcan.com.br\/ba\/"},{"@type":"ListItem","position":2,"name":"SITICCAN convoca trabalhadores da Tekton Construtora"}]},{"@type":"WebSite","@id":"https:\/\/siticcan.com.br\/ba\/#website","url":"https:\/\/siticcan.com.br\/ba\/","name":"SITICCAN | SINDICATO DE LUTA | FILIADO A CUT","description":"O Sindicato dos Trabalhadores na Ind\u00fastria da Constru\u00e7\u00e3o Civil de Candeias.","potentialAction":[{"@type":"SearchAction","target":{"@type":"EntryPoint","urlTemplate":"https:\/\/siticcan.com.br\/ba\/?s={search_term_string}"},"query-input":{"@type":"PropertyValueSpecification","valueRequired":true,"valueName":"search_term_string"}}],"inLanguage":"pt-BR"},{"@type":"Person","@id":"https:\/\/siticcan.com.br\/ba\/#\/schema\/person\/54850edda0325b1fb9103f1261d2c2d8","name":"Antonio C Garcez","image":{"@type":"ImageObject","inLanguage":"pt-BR","@id":"https:\/\/secure.gravatar.com\/avatar\/d07d79e920fdcbee9f93c580ddba7167d847827d3e13be224aed25d9f6095bc0?s=96&d=mm&r=g","url":"https:\/\/secure.gravatar.com\/avatar\/d07d79e920fdcbee9f93c580ddba7167d847827d3e13be224aed25d9f6095bc0?s=96&d=mm&r=g","contentUrl":"https:\/\/secure.gravatar.com\/avatar\/d07d79e920fdcbee9f93c580ddba7167d847827d3e13be224aed25d9f6095bc0?s=96&d=mm&r=g","caption":"Antonio C Garcez"},"url":"https:\/\/siticcan.com.br\/ba\/index.php\/author\/redacao\/"}]}},"_links":{"self":[{"href":"https:\/\/siticcan.com.br\/ba\/index.php\/wp-json\/wp\/v2\/posts\/1372","targetHints":{"allow":["GET"]}}],"collection":[{"href":"https:\/\/siticcan.com.br\/ba\/index.php\/wp-json\/wp\/v2\/posts"}],"about":[{"href":"https:\/\/siticcan.com.br\/ba\/index.php\/wp-json\/wp\/v2\/types\/post"}],"author":[{"embeddable":true,"href":"https:\/\/siticcan.com.br\/ba\/index.php\/wp-json\/wp\/v2\/users\/2"}],"replies":[{"embeddable":true,"href":"https:\/\/siticcan.com.br\/ba\/index.php\/wp-json\/wp\/v2\/comments?post=1372"}],"version-history":[{"count":1,"href":"https:\/\/siticcan.com.br\/ba\/index.php\/wp-json\/wp\/v2\/posts\/1372\/revisions"}],"predecessor-version":[{"id":1373,"href":"https:\/\/siticcan.com.br\/ba\/index.php\/wp-json\/wp\/v2\/posts\/1372\/revisions\/1373"}],"wp:featuredmedia":[{"embeddable":true,"href":"https:\/\/siticcan.com.br\/ba\/index.php\/wp-json\/wp\/v2\/media\/401"}],"wp:attachment":[{"href":"https:\/\/siticcan.com.br\/ba\/index.php\/wp-json\/wp\/v2\/media?parent=1372"}],"wp:term":[{"taxonomy":"category","embeddable":true,"href":"https:\/\/siticcan.com.br\/ba\/index.php\/wp-json\/wp\/v2\/categories?post=1372"},{"taxonomy":"post_tag","embeddable":true,"href":"https:\/\/siticcan.com.br\/ba\/index.php\/wp-json\/wp\/v2\/tags?post=1372"}],"curies":[{"name":"wp","href":"https:\/\/api.w.org\/{rel}","templated":true}]}}